{"id":244142,"date":"2023-12-15T16:54:37","date_gmt":"2023-12-15T15:54:37","guid":{"rendered":"\/?p=244142"},"modified":"2023-12-15T16:54:37","modified_gmt":"2023-12-15T15:54:37","slug":"sveva-belviso-eletta-nuova-presidente-di-fifo-sanita","status":"publish","type":"post","link":"https:\/\/www.fifosanita.it\/?p=244142","title":{"rendered":"Sveva Belviso eletta nuova Presidente di FIFO Sanit\u00e0"},"content":{"rendered":"<p style=\"text-align: left\">Roma, venerd\u00ec 15 dicembre \u2013 La presidente di AsFo Lazio, Sveva Belviso, \u00e8 stata eletta all\u2019unanimit\u00e0 presidente di FIFO Sanit\u00e0: il mandato avr\u00e0 una durata di 5 anni. La votazione del Consiglio Nazionale si \u00e8 svolta questa mattina nella sede di Confcommercio Roma.<\/p>\n<blockquote>\n<p style=\"text-align: left\"><em>\u201cDesidero innanzitutto ringraziare tutti i membri del Consiglio FIFO per la fiducia riposta in me \u2013 ha detto la neo presidente Belviso &#8211; La presidenza di FIFO Sanit\u00e0 \u00e8 per me motivo di orgoglio e, al contempo, di grande responsabilit\u00e0. Presieder\u00f2 con dedizione ed impegno la nostra Federazione, portando avanti i valori e gli interessi di ognuna delle aziende associate, in accordo con i presidenti delle AsFo regionali di cui, in questi mesi, ho avuto modo di constatare le competenze maturate in rappresentanza del proprio territorio. \u00c8 nostra intenzione essere stimolo verso le istituzioni per valorizzare un settore strategico come il nostro, sia da un punto di vista economico che sanitario. Ci impegneremo a rafforzare l\u2019azione di rappresentanza, mantenendo alto l\u2019impegno di tutela del comparto, in particolare contro l\u2019iniquit\u00e0 del payback, e, allo stesso tempo, offrendo sempre pi\u00f9 servizi alle imprese per favorirne lo sviluppo a livello nazionale\u201d.<\/em><\/p>\n<\/blockquote>\n<p style=\"text-align: left\">I membri del Consiglio Nazionale di FIFO Sanit\u00e0, aderente a Confcommercio Imprese per l\u2019Italia, rivolgono alla presidente Belviso i migliori auguri per il nuovo mandato, riponendo in Lei piena fiducia per un futuro ricco di sfide.<\/p>\n","protected":false},"excerpt":{"rendered":"<p>La presidente di AsFo Lazio, Sveva Belviso, \u00e8 stata eletta all\u2019unanimit\u00e0 presidente di FIFO Sanit\u00e0: il mandato avr\u00e0 una durata di 5 anni. La votazione del Consiglio Nazionale si \u00e8 svolta questa mattina nella sede di Confcommercio Roma.<\/p>\n","protected":false},"author":22,"featured_media":244144,"comment_status":"open","ping_status":"open","sticky":false,"template":"","format":"standard","meta":{"_et_pb_use_builder":"","_et_pb_old_content":"","_et_gb_content_width":""},"categories":[33,3,91],"tags":[77,58],"acf":[],"_links":{"self":[{"href":"https:\/\/www.fifosanita.it\/index.php?rest_route=\/wp\/v2\/posts\/244142"}],"collection":[{"href":"https:\/\/www.fifosanita.it\/index.php?rest_route=\/wp\/v2\/posts"}],"about":[{"href":"https:\/\/www.fifosanita.it\/index.php?rest_route=\/wp\/v2\/types\/post"}],"author":[{"embeddable":true,"href":"https:\/\/www.fifosanita.it\/index.php?rest_route=\/wp\/v2\/users\/22"}],"replies":[{"embeddable":true,"href":"https:\/\/www.fifosanita.it\/index.php?rest_route=%2Fwp%2Fv2%2Fcomments&post=244142"}],"version-history":[{"count":1,"href":"https:\/\/www.fifosanita.it\/index.php?rest_route=\/wp\/v2\/posts\/244142\/revisions"}],"predecessor-version":[{"id":244145,"href":"https:\/\/www.fifosanita.it\/index.php?rest_route=\/wp\/v2\/posts\/244142\/revisions\/244145"}],"wp:featuredmedia":[{"embeddable":true,"href":"https:\/\/www.fifosanita.it\/index.php?rest_route=\/wp\/v2\/media\/244144"}],"wp:attachment":[{"href":"https:\/\/www.fifosanita.it\/index.php?rest_route=%2Fwp%2Fv2%2Fmedia&parent=244142"}],"wp:term":[{"taxonomy":"category","embeddable":true,"href":"https:\/\/www.fifosanita.it\/index.php?rest_route=%2Fwp%2Fv2%2Fcategories&post=244142"},{"taxonomy":"post_tag","embeddable":true,"href":"https:\/\/www.fifosanita.it\/index.php?rest_route=%2Fwp%2Fv2%2Ftags&post=244142"}],"curies":[{"name":"wp","href":"https:\/\/api.w.org\/{rel}","templated":true}]}}